{"id":449,"date":"2024-06-11T20:34:13","date_gmt":"2024-06-11T20:34:13","guid":{"rendered":"https:\/\/nachograf.mx\/?p=449"},"modified":"2024-07-22T16:27:12","modified_gmt":"2024-07-22T16:27:12","slug":"marco-antonio-reyes-galicia","status":"publish","type":"post","link":"https:\/\/nachograf.mx\/index.php\/2024\/06\/11\/marco-antonio-reyes-galicia\/","title":{"rendered":"Marco Antonio Reyes Galicia"},"content":{"rendered":"<h2>Marco Antonio Reyes Galicia<\/h2>\n<p>Soy licenciado en arquitectura por la Universidad Nacional Aut\u00f3noma de M\u00e9xico. Mi inter\u00e9s por la naturaleza, el paisaje y espacio p\u00fablico, me ha llevado a formarme en estos \u00e1mbitos, mediante la realizaci\u00f3n de estudios de posgrado en dise\u00f1o, planificaci\u00f3n y conservaci\u00f3n de paisajes y jardines en instituciones como la Universidad Aut\u00f3noma Metropolitana (UAM), la Universitat Polit\u00e8cnica de Catalunya (UPC), la Universidad Nacional Aut\u00f3noma de M\u00e9xico (UNAM), el Fondo Verde y el Colegio de Ingenieros del Per\u00fa.<\/p>\n<p>Durante mi carrera profesional, he colaborado en proyectos de espacio p\u00fablico y paisaje de escala diversa (parques, plazas, jardines), as\u00ed como proyectos de arquitectura (vivienda, equipamientos y peque\u00f1as intervenciones privadas), siempre comprometido con el dise\u00f1o de calidad, funcional y coherente. Crear espacios habitables de forma respetuosa con el medio que les rodea y los beneficios que \u00e9stos pueden aportar a las personas, son mi motivaci\u00f3n como arquitecto.<\/p>\n<p><a style=\"display: inline-block; padding: 10px 20px; background-color: #007bff; color: #fff; text-decoration: none; border-radius: 5px;\" href=\"\/\/nachograf.mx\/wp-content\/uploads\/2024\/06\/CV-MARG-2023.pdf\" target=\"_blank\" rel=\"noopener\">Descargar CV<\/a><\/p>\n<p><a href=\"javascript:history.back()\">Volver a la p\u00e1gina anterior<\/a><\/p>\n<p>&nbsp;<\/p>\n","protected":false},"excerpt":{"rendered":"<p>Marco Antonio Reyes Galicia Soy licenciado en arquitectura por la Universidad Nacional Aut\u00f3noma de M\u00e9xico. Mi inter\u00e9s por la naturaleza, el paisaje y espacio p\u00fablico, me ha llevado a formarme en estos \u00e1mbitos, mediante la realizaci\u00f3n de estudios de posgrado en dise\u00f1o, planificaci\u00f3n y conservaci\u00f3n de paisajes y jardines en instituciones como la Universidad Aut\u00f3noma&#8230;<\/p>\n","protected":false},"author":1,"featured_media":0,"comment_status":"closed","ping_status":"open","sticky":false,"template":"","format":"standard","meta":{"om_disable_all_campaigns":false,"_monsterinsights_skip_tracking":false,"_monsterinsights_sitenote_active":false,"_monsterinsights_sitenote_note":"","_monsterinsights_sitenote_category":0,"footnotes":""},"categories":[11],"tags":[],"class_list":["post-449","post","type-post","status-publish","format-standard","hentry","category-colaboradores"],"_links":{"self":[{"href":"https:\/\/nachograf.mx\/index.php\/wp-json\/wp\/v2\/posts\/449","targetHints":{"allow":["GET"]}}],"collection":[{"href":"https:\/\/nachograf.mx\/index.php\/wp-json\/wp\/v2\/posts"}],"about":[{"href":"https:\/\/nachograf.mx\/index.php\/wp-json\/wp\/v2\/types\/post"}],"author":[{"embeddable":true,"href":"https:\/\/nachograf.mx\/index.php\/wp-json\/wp\/v2\/users\/1"}],"replies":[{"embeddable":true,"href":"https:\/\/nachograf.mx\/index.php\/wp-json\/wp\/v2\/comments?post=449"}],"version-history":[{"count":3,"href":"https:\/\/nachograf.mx\/index.php\/wp-json\/wp\/v2\/posts\/449\/revisions"}],"predecessor-version":[{"id":644,"href":"https:\/\/nachograf.mx\/index.php\/wp-json\/wp\/v2\/posts\/449\/revisions\/644"}],"wp:attachment":[{"href":"https:\/\/nachograf.mx\/index.php\/wp-json\/wp\/v2\/media?parent=449"}],"wp:term":[{"taxonomy":"category","embeddable":true,"href":"https:\/\/nachograf.mx\/index.php\/wp-json\/wp\/v2\/categories?post=449"},{"taxonomy":"post_tag","embeddable":true,"href":"https:\/\/nachograf.mx\/index.php\/wp-json\/wp\/v2\/tags?post=449"}],"curies":[{"name":"wp","href":"https:\/\/api.w.org\/{rel}","templated":true}]}}