{"id":451,"date":"2024-06-11T20:37:36","date_gmt":"2024-06-11T20:37:36","guid":{"rendered":"https:\/\/nachograf.mx\/?p=451"},"modified":"2024-07-22T16:27:25","modified_gmt":"2024-07-22T16:27:25","slug":"esmeralda_castellanos_rojas","status":"publish","type":"post","link":"https:\/\/nachograf.mx\/index.php\/2024\/06\/11\/esmeralda_castellanos_rojas\/","title":{"rendered":"Esmeralda Castellanos Rojas"},"content":{"rendered":"<h2>Esmeralda Castellanos Rojas<\/h2>\n<p style=\"font-weight: 400;\">Arquitecta Paisajista \/ Urbanista<\/p>\n<p style=\"font-weight: 400;\">Hecolaborado en despachos destacados de arquitectura de paisaje, para la Secretar\u00eda de desarrollo urbano y vivienda SEDUVI, para la Secretar\u00eda del medio ambiente SEDEMA y para la Coordinaci\u00f3n de vinculaci\u00f3n y otras dependencias de la Universidad Nacional Aut\u00f3noma de M\u00e9xico.<\/p>\n<p style=\"font-weight: 400;\">He desarrollado planes maestros y proyectos de arquitectura de paisaje, espacio p\u00fablico, movilidad sostenible, infraestructura verde, accesibilidad peatonal y ciclista, estrategias de sostenibilidad, medidas de mitigaci\u00f3n urbana y ambiental y urbanismo sostenible.<\/p>\n<p style=\"font-weight: 400;\">Como parte de equipos interdisciplinarios particip\u00e9 en la elaboraci\u00f3n de la Estrategia de movilidad en bicicleta para la CDMX que coordinaron la UNAM y Ghel Architects, en criterios de sostenibilidad para gobiernos municipales, en el Plan Maestro de Vallejo-i y en los criterios de Infraestructura Verde para la SEDEMA-CDMX.<\/p>\n<p><a style=\"display: inline-block; padding: 10px 20px; background-color: #007bff; color: #fff; text-decoration: none; border-radius: 5px;\" href=\"https:\/\/nachograf.mx\/wp-content\/uploads\/2024\/07\/CV_ESMERALDA-CR-2024_.pdf\" target=\"_blank\" rel=\"noopener\">Descargar CV<\/a><\/p>\n<p><a href=\"javascript:history.back()\">Volver a la p\u00e1gina anterior<\/a><\/p>\n<p>&nbsp;<\/p>\n","protected":false},"excerpt":{"rendered":"<p>Esmeralda Castellanos Rojas Arquitecta Paisajista \/ Urbanista Hecolaborado en despachos destacados de arquitectura de paisaje, para la Secretar\u00eda de desarrollo urbano y vivienda SEDUVI, para la Secretar\u00eda del medio ambiente SEDEMA y para la Coordinaci\u00f3n de vinculaci\u00f3n y otras dependencias de la Universidad Nacional Aut\u00f3noma de M\u00e9xico. He desarrollado planes maestros y proyectos de arquitectura&#8230;<\/p>\n","protected":false},"author":1,"featured_media":0,"comment_status":"closed","ping_status":"open","sticky":false,"template":"","format":"standard","meta":{"om_disable_all_campaigns":false,"_monsterinsights_skip_tracking":false,"_monsterinsights_sitenote_active":false,"_monsterinsights_sitenote_note":"","_monsterinsights_sitenote_category":0,"footnotes":""},"categories":[11],"tags":[],"class_list":["post-451","post","type-post","status-publish","format-standard","hentry","category-colaboradores"],"_links":{"self":[{"href":"https:\/\/nachograf.mx\/index.php\/wp-json\/wp\/v2\/posts\/451","targetHints":{"allow":["GET"]}}],"collection":[{"href":"https:\/\/nachograf.mx\/index.php\/wp-json\/wp\/v2\/posts"}],"about":[{"href":"https:\/\/nachograf.mx\/index.php\/wp-json\/wp\/v2\/types\/post"}],"author":[{"embeddable":true,"href":"https:\/\/nachograf.mx\/index.php\/wp-json\/wp\/v2\/users\/1"}],"replies":[{"embeddable":true,"href":"https:\/\/nachograf.mx\/index.php\/wp-json\/wp\/v2\/comments?post=451"}],"version-history":[{"count":5,"href":"https:\/\/nachograf.mx\/index.php\/wp-json\/wp\/v2\/posts\/451\/revisions"}],"predecessor-version":[{"id":646,"href":"https:\/\/nachograf.mx\/index.php\/wp-json\/wp\/v2\/posts\/451\/revisions\/646"}],"wp:attachment":[{"href":"https:\/\/nachograf.mx\/index.php\/wp-json\/wp\/v2\/media?parent=451"}],"wp:term":[{"taxonomy":"category","embeddable":true,"href":"https:\/\/nachograf.mx\/index.php\/wp-json\/wp\/v2\/categories?post=451"},{"taxonomy":"post_tag","embeddable":true,"href":"https:\/\/nachograf.mx\/index.php\/wp-json\/wp\/v2\/tags?post=451"}],"curies":[{"name":"wp","href":"https:\/\/api.w.org\/{rel}","templated":true}]}}