{"id":456,"date":"2024-06-11T20:49:31","date_gmt":"2024-06-11T20:49:31","guid":{"rendered":"https:\/\/nachograf.mx\/?p=456"},"modified":"2024-07-22T16:27:38","modified_gmt":"2024-07-22T16:27:38","slug":"oscar-meza-diez-barroso","status":"publish","type":"post","link":"https:\/\/nachograf.mx\/index.php\/2024\/06\/11\/oscar-meza-diez-barroso\/","title":{"rendered":"Oscar Meza Diez Barroso"},"content":{"rendered":"<h2>Oscar Meza Diez Barroso<\/h2>\n<p>Arquitecto egresado de la Universidad Nacional Aut\u00f3noma de M\u00e9xico en el a\u00f1o 2013, con la tesis<br \/>\n\u201cAula para la equidad, arquitectura escolar para la comunidad otom\u00ed de Sabino de San Ambrosio,<br \/>\nen Quer\u00e9taro\u201d, en la cual vivi\u00f3 y particip\u00f3 en su construcci\u00f3n. Estudi\u00f3 la Maestr\u00eda en Restauraci\u00f3n<br \/>\nde Sitios y Monumentos por la Universidad de Guanajuato en el a\u00f1o 2023.<\/p>\n<p>Se ha desarrollado en el sector p\u00fablico y privado y como profesionista independiente,<br \/>\nespecializ\u00e1ndose en los sistemas constructivos tradicionales.<\/p>\n<p>Form\u00f3 parte del equipo del Arquitecto Ignacio Graf Noriega como coordinador de los proyectos de<br \/>\nPlanes de Justica de los 8 Pueblos Yaquis en el estado de Sonora, y Planes de Justica para los Pueblos<br \/>\nde Acasico, Palmarejo y Temacaupl\u00edn, en el estado de Jalisco del a\u00f1o 2020 al 2022.<\/p>\n<p>Actualmente se encuentra desarrollando la tesis para su maestr\u00eda, titulada \u201cPaisaje Urbano Hist\u00f3rico<br \/>\ndel Pueblo de Iztacalco\u201d.<\/p>\n<p><a style=\"display: inline-block; padding: 10px 20px; background-color: #007bff; color: #fff; text-decoration: none; border-radius: 5px;\" href=\"https:\/\/nachograf.mx\/wp-content\/uploads\/2024\/06\/CV_Oscar_Meza.pdf\" target=\"_blank\" rel=\"noopener\">Descargar CV<\/a><\/p>\n<p><a href=\"javascript:history.back()\">Volver a la p\u00e1gina anterior<\/a><\/p>\n<p>&nbsp;<\/p>\n","protected":false},"excerpt":{"rendered":"<p>Oscar Meza Diez Barroso Arquitecto egresado de la Universidad Nacional Aut\u00f3noma de M\u00e9xico en el a\u00f1o 2013, con la tesis \u201cAula para la equidad, arquitectura escolar para la comunidad otom\u00ed de Sabino de San Ambrosio, en Quer\u00e9taro\u201d, en la cual vivi\u00f3 y particip\u00f3 en su construcci\u00f3n. Estudi\u00f3 la Maestr\u00eda en Restauraci\u00f3n de Sitios y Monumentos&#8230;<\/p>\n","protected":false},"author":1,"featured_media":0,"comment_status":"closed","ping_status":"open","sticky":false,"template":"","format":"standard","meta":{"om_disable_all_campaigns":false,"_monsterinsights_skip_tracking":false,"_monsterinsights_sitenote_active":false,"_monsterinsights_sitenote_note":"","_monsterinsights_sitenote_category":0,"footnotes":""},"categories":[1],"tags":[],"class_list":["post-456","post","type-post","status-publish","format-standard","hentry","category-blog"],"_links":{"self":[{"href":"https:\/\/nachograf.mx\/index.php\/wp-json\/wp\/v2\/posts\/456","targetHints":{"allow":["GET"]}}],"collection":[{"href":"https:\/\/nachograf.mx\/index.php\/wp-json\/wp\/v2\/posts"}],"about":[{"href":"https:\/\/nachograf.mx\/index.php\/wp-json\/wp\/v2\/types\/post"}],"author":[{"embeddable":true,"href":"https:\/\/nachograf.mx\/index.php\/wp-json\/wp\/v2\/users\/1"}],"replies":[{"embeddable":true,"href":"https:\/\/nachograf.mx\/index.php\/wp-json\/wp\/v2\/comments?post=456"}],"version-history":[{"count":1,"href":"https:\/\/nachograf.mx\/index.php\/wp-json\/wp\/v2\/posts\/456\/revisions"}],"predecessor-version":[{"id":457,"href":"https:\/\/nachograf.mx\/index.php\/wp-json\/wp\/v2\/posts\/456\/revisions\/457"}],"wp:attachment":[{"href":"https:\/\/nachograf.mx\/index.php\/wp-json\/wp\/v2\/media?parent=456"}],"wp:term":[{"taxonomy":"category","embeddable":true,"href":"https:\/\/nachograf.mx\/index.php\/wp-json\/wp\/v2\/categories?post=456"},{"taxonomy":"post_tag","embeddable":true,"href":"https:\/\/nachograf.mx\/index.php\/wp-json\/wp\/v2\/tags?post=456"}],"curies":[{"name":"wp","href":"https:\/\/api.w.org\/{rel}","templated":true}]}}