{"id":641,"date":"2024-07-22T16:25:22","date_gmt":"2024-07-22T16:25:22","guid":{"rendered":"https:\/\/nachograf.mx\/?p=641"},"modified":"2024-07-24T23:20:29","modified_gmt":"2024-07-24T23:20:29","slug":"ignacio-graf-noriega","status":"publish","type":"post","link":"https:\/\/nachograf.mx\/index.php\/2024\/07\/22\/ignacio-graf-noriega\/","title":{"rendered":"Ignacio Graf Noriega"},"content":{"rendered":"<h2>Ignacio Graf Noriega<\/h2>\n<p>Edad: 51 a\u00f1os<\/p>\n<p>Arquitecto por la Facultad de Arquitectura de la UNAM. 1994-1998. Posgrado en urbanismo por la Fundaci\u00f3 UPC. En Barcelona, Catalunya, Espa\u00f1a. 2006-2007. M\u00e1ster Barcelona Architecture. MbA<\/p>\n<p>Arquitecto con m\u00e1s de 25 a\u00f1os de experiencia en planeaci\u00f3n, administraci\u00f3n, gesti\u00f3n y dise\u00f1o arquitect\u00f3nico, ambiental, urbano, paisaje y espacio p\u00fablico. En la iniciativa privada y la administraci\u00f3n p\u00fablica. Funciones desempe\u00f1adas en el ejercicio profesional: director de \u00e1rea, jefe de departamento en la administraci\u00f3n p\u00fablica, director de desarrollo y ejecuci\u00f3n de proyectos, subdirector administrativo y de supervisi\u00f3n de obra, jefe de taller de proyectos, desarrollo y dibujo de proyectos.<\/p>\n<p>Capacidad de desarrollo interdisciplinario, con enfoque de sistemas complejos y sist\u00e9micos. Creativo y propositivo, con capacidad de aprendizaje y s\u00edntesis. Direcci\u00f3n y coordinaci\u00f3n de equipos de trabajo. Facilitador e integrador de equipos de trabajo y bajo presi\u00f3n.<\/p>\n<p><a style=\"display: inline-block; padding: 10px 20px; background-color: #007bff; color: #fff; text-decoration: none; border-radius: 5px;\" href=\"https:\/\/nachograf.mx\/wp-content\/uploads\/2024\/07\/CV_Ignacio_Graf_2024_.pdf\" target=\"_blank\" rel=\"noopener\">Descargar CV<\/a><\/p>\n<p><a href=\"javascript:history.back()\">Volver a la p\u00e1gina anterior<\/a><\/p>\n<p>&nbsp;<\/p>\n","protected":false},"excerpt":{"rendered":"<p>Ignacio Graf Noriega Edad: 51 a\u00f1os Arquitecto por la Facultad de Arquitectura de la UNAM. 1994-1998. Posgrado en urbanismo por la Fundaci\u00f3 UPC. En Barcelona, Catalunya, Espa\u00f1a. 2006-2007. M\u00e1ster Barcelona Architecture. MbA Arquitecto con m\u00e1s de 25 a\u00f1os de experiencia en planeaci\u00f3n, administraci\u00f3n, gesti\u00f3n y dise\u00f1o arquitect\u00f3nico, ambiental, urbano, paisaje y espacio p\u00fablico. En la&#8230;<\/p>\n","protected":false},"author":1,"featured_media":0,"comment_status":"closed","ping_status":"open","sticky":false,"template":"","format":"standard","meta":{"om_disable_all_campaigns":false,"_monsterinsights_skip_tracking":false,"_monsterinsights_sitenote_active":false,"_monsterinsights_sitenote_note":"","_monsterinsights_sitenote_category":0,"footnotes":""},"categories":[1],"tags":[],"class_list":["post-641","post","type-post","status-publish","format-standard","hentry","category-blog"],"_links":{"self":[{"href":"https:\/\/nachograf.mx\/index.php\/wp-json\/wp\/v2\/posts\/641","targetHints":{"allow":["GET"]}}],"collection":[{"href":"https:\/\/nachograf.mx\/index.php\/wp-json\/wp\/v2\/posts"}],"about":[{"href":"https:\/\/nachograf.mx\/index.php\/wp-json\/wp\/v2\/types\/post"}],"author":[{"embeddable":true,"href":"https:\/\/nachograf.mx\/index.php\/wp-json\/wp\/v2\/users\/1"}],"replies":[{"embeddable":true,"href":"https:\/\/nachograf.mx\/index.php\/wp-json\/wp\/v2\/comments?post=641"}],"version-history":[{"count":5,"href":"https:\/\/nachograf.mx\/index.php\/wp-json\/wp\/v2\/posts\/641\/revisions"}],"predecessor-version":[{"id":670,"href":"https:\/\/nachograf.mx\/index.php\/wp-json\/wp\/v2\/posts\/641\/revisions\/670"}],"wp:attachment":[{"href":"https:\/\/nachograf.mx\/index.php\/wp-json\/wp\/v2\/media?parent=641"}],"wp:term":[{"taxonomy":"category","embeddable":true,"href":"https:\/\/nachograf.mx\/index.php\/wp-json\/wp\/v2\/categories?post=641"},{"taxonomy":"post_tag","embeddable":true,"href":"https:\/\/nachograf.mx\/index.php\/wp-json\/wp\/v2\/tags?post=641"}],"curies":[{"name":"wp","href":"https:\/\/api.w.org\/{rel}","templated":true}]}}